[{"@context":"https:\/\/schema.org\/","@type":"Article","@id":"https:\/\/www.chezak.cz\/misto-pro-vase-fotografie\/#Article","mainEntityOfPage":"https:\/\/www.chezak.cz\/misto-pro-vase-fotografie\/","headline":"M\u00edsto pro Va\u0161e fotografie","name":"M\u00edsto pro Va\u0161e fotografie","description":"Pat\u0159\u00edte k\u00a0nad\u0161enc\u016fm, kte\u0159\u00ed po\u0159izuj\u00ed r\u016fzn\u00e9 sn\u00edmky snad p\u0159i v\u0161ech p\u0159\u00edle\u017eitostech? Z\u00e1le\u017e\u00ed V\u00e1m na tom, abyste m\u011bli na ur\u010dit\u00e9 ud\u00e1losti n\u011bjakou p\u011bknou pam\u00e1tku? D\u00edky obr\u00e1zk\u016fm, kter\u00e9 si po\u0159\u00edd\u00edme, pak m\u016f\u017eeme mnohem l\u00e9pe a p\u0159esn\u011bji vzpom\u00ednat na to, co jsme za\u017eili. Jak ale vhodn\u011b po\u0159\u00edzen\u00e9 sn\u00edmky uchov\u00e1vat? To\u0165 ot\u00e1zka. Mnoho z\u00a0n\u00e1s si je nech\u00e1v\u00e1 pouze ulo\u017een\u00e9 v\u00a0po\u010d\u00edta\u010di, [&hellip;]","datePublished":"2024-01-06","dateModified":"2024-01-06","author":{"@type":"Person","@id":"https:\/\/www.chezak.cz\/author\/devene\/#Person","name":"devene","url":"https:\/\/www.chezak.cz\/author\/devene\/","identifier":1,"image":{"@type":"ImageObject","@id":"https:\/\/secure.gravatar.com\/avatar\/33549a3bd69022b5544ec751c6f690d75868252394a5ec007d9ed3f2c30f7874?s=96&d=mm&r=g","url":"https:\/\/secure.gravatar.com\/avatar\/33549a3bd69022b5544ec751c6f690d75868252394a5ec007d9ed3f2c30f7874?s=96&d=mm&r=g","height":96,"width":96}},"publisher":{"@type":"Organization","name":"chezak.cz","logo":{"@type":"ImageObject","@id":"\/logo.png","url":"\/logo.png","width":600,"height":60}},"url":"https:\/\/www.chezak.cz\/misto-pro-vase-fotografie\/","wordCount":254,"articleBody":"Pat\u0159\u00edte k\u00a0nad\u0161enc\u016fm, kte\u0159\u00ed po\u0159izuj\u00ed r\u016fzn\u00e9 sn\u00edmky snad p\u0159i v\u0161ech p\u0159\u00edle\u017eitostech? Z\u00e1le\u017e\u00ed V\u00e1m na tom, abyste m\u011bli na ur\u010dit\u00e9 ud\u00e1losti n\u011bjakou p\u011bknou pam\u00e1tku? D\u00edky obr\u00e1zk\u016fm, kter\u00e9 si po\u0159\u00edd\u00edme, pak m\u016f\u017eeme mnohem l\u00e9pe a p\u0159esn\u011bji vzpom\u00ednat na to, co jsme za\u017eili. Jak ale vhodn\u011b po\u0159\u00edzen\u00e9 sn\u00edmky uchov\u00e1vat? To\u0165 ot\u00e1zka. Mnoho z\u00a0n\u00e1s si je nech\u00e1v\u00e1 pouze ulo\u017een\u00e9 v\u00a0po\u010d\u00edta\u010di, ale m\u016f\u017ee se st\u00e1t, \u017ee o v\u0161echny kv\u016fli n\u011bjak\u00e9 poru\u0161e p\u0159ijde. Proto je nejsp\u00ed\u0161 nejvhodn\u011bj\u0161\u00edm zp\u016fsobem uchov\u00e1n\u00ed p\u0159eci jenom ten nejstar\u0161\u00ed. Nechat si sn\u00edmky vytisknout a zalo\u017eit si je do alba. Nebo jsou tu i jin\u00e9 mo\u017enosti?U n\u00e1s naleznete to prav\u00e9Vyberte si to vhodn\u00e9 pr\u00e1v\u011b pro V\u00e1s mezi na\u0161imi fotoprodukty, kter\u00e9 nab\u00edz\u00edme. Uvid\u00edte, \u017ee si je opravdu velmi rychle obl\u00edb\u00edte a zamilujete. Album je sice dobr\u00e1 v\u011bc, co takhle ale v\u0161echny Va\u0161e sn\u00edmky rad\u011bji nechat natisknout do knihy? Nebo si m\u016f\u017eete po\u0159\u00eddit origin\u00e1ln\u00ed kalend\u00e1\u0159, kter\u00fd V\u00e1s bude prov\u00e1zet cel\u00fdm rokem. I d\u011bti si u n\u00e1s vyberou, z\u00a0Va\u0161ich sn\u00edmk\u016f dok\u00e1\u017eeme vytvo\u0159it i origin\u00e1ln\u00ed pexeso. Je pouze na V\u00e1s, co si vyberete.                                                                                                                                                                                                                                                                                                                                                                                        4.2\/5 - (18 votes)        "},{"@context":"https:\/\/schema.org\/","@type":"BreadcrumbList","itemListElement":[{"@type":"ListItem","position":1,"name":"M\u00edsto pro Va\u0161e fotografie","item":"https:\/\/www.chezak.cz\/misto-pro-vase-fotografie\/#breadcrumbitem"}]}]